{"id":97,"date":"2022-05-26T20:19:45","date_gmt":"2022-05-26T18:19:45","guid":{"rendered":"http:\/\/www.saemss.com\/?p=97"},"modified":"2022-05-26T20:19:47","modified_gmt":"2022-05-26T18:19:47","slug":"point-de-presse-cosydep","status":"publish","type":"post","link":"https:\/\/www.saemss.com\/?p=97","title":{"rendered":"POINT DE PRESSE COSYDEP"},"content":{"rendered":"\n<p>DENOUEMENT CORRECT DE L\u2019ANNEE SCOLAIRE 2021-2022 ACCORDS HISTORIQUES RESPECTES, GAGE D\u2019UN SYSTEME STABLE ET PERFORMANT<\/p>\n\n\n<a class=\"wp-block-read-more\" href=\"https:\/\/www.saemss.com\/?p=97\" target=\"_self\">Lire la suite<span class=\"screen-reader-text\">\u00a0: POINT DE PRESSE COSYDEP<\/span><\/a>\n\n\n<p>&nbsp;En ce d\u00e9but de deuil national, d\u00e9cr\u00e9t\u00e9 \u00e0 la suite de la mort atroce d\u2019une dizaine de nouveaux n\u00e9s \u00e0 l\u2019h\u00f4pital de Tivaouane, la COSYDEP pr\u00e9sente ses condol\u00e9ances aux parents des victimes et exprime sa solidarit\u00e9 \u00e0 la Nation s\u00e9n\u00e9galaise.<\/p>\n\n\n\n<p>26 f\u00e9vrier 2022 \u2013 26 mai 2022, 3 mois apr\u00e8s la signature des accords Gouvernement \/ Syndicats, le Bureau du Conseil d\u2019Administration (BCA) de la COSYDEP s\u2019est r\u00e9uni, le mercredi 25 mai 2022, \u00e0 l\u2019effet d\u2019examiner le contexte \u00e9ducatif et social. Le BCA note que le contexte, qui caract\u00e9rise le dernier trimestre de l\u2019ann\u00e9e scolaire, fait l\u2019objet d\u2019appr\u00e9hensions justifi\u00e9es. En effet, il est \u00e0 craindre un risque de conjonction entre les tensions politiques, la recrudescence des violences physiques et verbales, la d\u00e9ception exprim\u00e9e par les syndicats dans la mat\u00e9rialisation de la premi\u00e8re \u00e9ch\u00e9ance des accords avec le gouvernement et les premi\u00e8res r\u00e9actions des \u00e9l\u00e8ves qui annoncent des manifestations qui peuvent aller dans tous les sens.<\/p>\n\n\n\n<p>A l\u2019issue de cette rencontre, la Coalition :<\/p>\n\n\n\n<p><strong>1. <\/strong>exprime sa profonde indignation du fait que de nouvelles perturbations s\u2019annoncent pour faire respecter les accords d\u00e9j\u00e0 sign\u00e9s entre le gouvernement et les syndicats ;<\/p>\n\n\n\n<p><strong>2. <\/strong>note que face aux perturbations ayant entrain\u00e9 des pertes \u00e9normes sur le quantum horaire, des efforts immenses avaient \u00e9t\u00e9 consentis par l\u2019ensemble des acteurs et partenaires de l\u2019\u00e9cole. Ces efforts avaient abouti \u00e0 des accords historiques qui avaient fait rena\u00eetre un immense espoir chez les \u00e9l\u00e8ves et leurs parents et une forte re-motivation des enseignants ;<\/p>\n\n\n\n<p><strong>3. <\/strong>rappelle que les pl\u00e9ni\u00e8res tenues lors des perturbations ant\u00e9rieures avaient enregistr\u00e9 une forte demande des syndicats pour la correction des iniquit\u00e9s dans le syst\u00e8me de r\u00e9mun\u00e9ration des agents de la Fonction publique ;<\/p>\n\n\n\n<p><strong>4. <\/strong>consid\u00e8re que ce trimestre, qui r\u00e9clame qui\u00e9tude et concentration, devrait plut\u00f4t \u00eatre consacr\u00e9 \u00e0 un d\u00e9nouement serein de l\u2019ann\u00e9e scolaire par un d\u00e9roulement correct des apprentissages et des \u00e9valuations.<\/p>\n\n\n\n<p>Ayant \u00e9t\u00e9 alert\u00e9e par les syndicats, sur la base des appr\u00e9hensions issues de la consultation de leur bulletin de salaire \u00e0 travers e-solde, la COSYDEP a engag\u00e9 des concertations internes et externes en vue de rassembler, aupr\u00e8s des parties prenantes, le maximum d\u2019informations utiles pour fonder sa position.<\/p>\n\n\n\n<p>La Coalition t\u00e9moigne que les longues discussions avaient abouti \u00e0 d\u2019importants engagements du Gouvernement :<\/p>\n\n\n\n<p><strong>1. <\/strong>la d\u00e9fiscalisation de l\u2019indemnit\u00e9 de logement. Une offre faite par le gouvernement ;<\/p>\n\n\n\n<p><strong>2. <\/strong>l\u2019augmentation de certaines indemnit\u00e9s. Des propositions du gouvernement qui ont fait l\u2019objet d\u2019amendements de la part des syndicats, pr\u00e9occup\u00e9s par leur valeur nette ;<\/p>\n\n\n\n<p><strong>3. <\/strong>la mise en place d\u2019un comit\u00e9 de suivi. Il n\u2019a \u00e9t\u00e9 mis en place que deux mois apr\u00e8s la signature et attend d\u2019\u00eatre institutionnalis\u00e9 ;<\/p>\n\n\n\n<p><strong>4. <\/strong>le traitement et la correction des manquements par \u00e9mission sp\u00e9ciale au besoin. L\u2019existence juridique du comit\u00e9 de suivi permettrait, d\u2019une part de traiter les contestations et, d\u2019autre part d\u2019\u00e9viter des probl\u00e8mes similaires \u00e0 la veille de chaque \u00e9ch\u00e9ance.<\/p>\n\n\n\n<p>Durant toutes les pl\u00e9ni\u00e8res, notamment la derni\u00e8re qui a dur\u00e9 pr\u00e8s de 15 tours d\u2019horloge, les syndicats n\u2019ont cess\u00e9 de demander au gouvernement de pr\u00e9ciser le net \u00e0 percevoir apr\u00e8s toutes les op\u00e9rations fiscales. Cette question avait re\u00e7u une r\u00e9ponse claire de la part du gouvernement qui confirmait que les montants indiqu\u00e9s dans le tableau pr\u00e9sent\u00e9 \u00e9taient les nets d\u2019imp\u00f4ts.<\/p>\n\n\n\n<p>Sur la base du rappel ci-dessus, la COSYDEP lance un appel pour le respect scrupuleux des accords au risque de perturber l\u2019espace scolaire, d\u2019entraver le d\u00e9roulement normal des \u00e9valuations ou de mettre mal \u00e0 l\u2019aise les partenaires, facilitateurs et autres bonnes volont\u00e9s.<\/p>\n\n\n\n<p>En effet, la Coalition consid\u00e8re que respecter les accords permettrait de :<\/p>\n\n\n\n<p><strong>1. <\/strong>Poser les jalons d\u2019une pacification durable du secteur ;<\/p>\n\n\n\n<p><strong>2. <\/strong>Recr\u00e9er la confiance entre l\u2019Etat et les partenaires sociaux ;<\/p>\n\n\n\n<p><strong>3. <\/strong>Remotiver les enseignants pour une am\u00e9lioration substantielle des performances des apprenants ;<\/p>\n\n\n\n<p><strong>4. <\/strong>Donner plus de temps aux questions \u00e0 forts enjeux (mise aux normes des \u00e9coles, am\u00e9lioration des curricula, r\u00e8glement des questions d\u2019hygi\u00e8ne, de s\u00e9curit\u00e9 et de salubrit\u00e9 des \u00e9tablissements, prise en charge des nombreux exclus du syst\u00e8me, &#8230;)<\/p>\n\n\n\n<p>La COSYDEP r\u00e9affirme son engagement inconditionnel pour la r\u00e9alisation d\u2019une \u00e9ducation de qualit\u00e9 pour tous.<\/p>\n\n\n\n<p>Bonne f\u00eate d\u2019ascension<\/p>\n\n\n\n<p>                                                                  Fait \u00e0 Dakar, le 26 mai 2022 \u00a0\u00a0\u00a0\u00a0\u00a0\u00a0\u00a0\u00a0\u00a0\u00a0\u00a0\u00a0\u00a0<\/p>\n","protected":false},"excerpt":{"rendered":"<p>DENOUEMENT CORRECT DE L\u2019ANNEE SCOLAIRE 2021-2022 ACCORDS HISTORIQUES RESPECTES, GAGE D\u2019UN SYSTEME STABLE ET PERFORMANT &nbsp;En ce d\u00e9but de deuil<\/p>\n","protected":false},"author":1,"featured_media":98,"comment_status":"open","ping_status":"open","sticky":false,"template":"","format":"standard","meta":{"footnotes":""},"categories":[10],"tags":[],"class_list":["post-97","post","type-post","status-publish","format-standard","has-post-thumbnail","hentry","category-crise-scolaire"],"_links":{"self":[{"href":"https:\/\/www.saemss.com\/index.php?rest_route=\/wp\/v2\/posts\/97","targetHints":{"allow":["GET"]}}],"collection":[{"href":"https:\/\/www.saemss.com\/index.php?rest_route=\/wp\/v2\/posts"}],"about":[{"href":"https:\/\/www.saemss.com\/index.php?rest_route=\/wp\/v2\/types\/post"}],"author":[{"embeddable":true,"href":"https:\/\/www.saemss.com\/index.php?rest_route=\/wp\/v2\/users\/1"}],"replies":[{"embeddable":true,"href":"https:\/\/www.saemss.com\/index.php?rest_route=%2Fwp%2Fv2%2Fcomments&post=97"}],"version-history":[{"count":1,"href":"https:\/\/www.saemss.com\/index.php?rest_route=\/wp\/v2\/posts\/97\/revisions"}],"predecessor-version":[{"id":99,"href":"https:\/\/www.saemss.com\/index.php?rest_route=\/wp\/v2\/posts\/97\/revisions\/99"}],"wp:featuredmedia":[{"embeddable":true,"href":"https:\/\/www.saemss.com\/index.php?rest_route=\/wp\/v2\/media\/98"}],"wp:attachment":[{"href":"https:\/\/www.saemss.com\/index.php?rest_route=%2Fwp%2Fv2%2Fmedia&parent=97"}],"wp:term":[{"taxonomy":"category","embeddable":true,"href":"https:\/\/www.saemss.com\/index.php?rest_route=%2Fwp%2Fv2%2Fcategories&post=97"},{"taxonomy":"post_tag","embeddable":true,"href":"https:\/\/www.saemss.com\/index.php?rest_route=%2Fwp%2Fv2%2Ftags&post=97"}],"curies":[{"name":"wp","href":"https:\/\/api.w.org\/{rel}","templated":true}]}}