{"id":912,"date":"2023-07-19T21:03:38","date_gmt":"2023-07-19T19:03:38","guid":{"rendered":"http:\/\/www.saemss.com\/?p=912"},"modified":"2023-07-19T21:19:02","modified_gmt":"2023-07-19T19:19:02","slug":"gouvernement-et-syndicats-du-g7-renouent-le-dialogue","status":"publish","type":"post","link":"https:\/\/www.saemss.com\/?p=912","title":{"rendered":"GOUVERNEMENT ET SYNDICATS DU G7 RENOUENT LE DIALOGUE."},"content":{"rendered":"\n<p>Le Mardi 18 Juillet 2023, le Gouvernement et le G7 ont tenu une rencontre dans le cadre du suivi des accords et d\u2019\u00e9changes sur les questions brulantes de l\u2019heure.<\/p>\n\n\n\n<!--more-->\n\n\n\n<p>La rencontre a \u00e9t\u00e9 pr\u00e9sid\u00e9e par le Ministre de la Fonction Publique Gallo B\u00e2 accompagn\u00e9 par le Ministre Conseiller Assane Diop, la Directrice de la Solde, le Directeur des Ressources humaines du Minist\u00e8re de l\u2019\u00e9ducation et le Directeur G\u00e9n\u00e9ral de la Fonction publique entre autres.<\/p>\n\n\n\n<p>Les associations de parents d\u2019\u00e9l\u00e8ves et les Organisations de la soci\u00e9t\u00e9 civile actives dans le secteur de l\u2019\u00e9ducation ont \u00e9galement pris part \u00e0 la rencontre. Quelques minutes avant le d\u00e9marrage de la r\u00e9union, le Ministre de la Fonction publique a r\u00e9uni les SG du G7 pour les informer de l\u2019absence des autres ministres emp\u00each\u00e9s. A l\u2019entame des travaux, il proposa \u00e0 l\u2019assembl\u00e9e de donner la parole au DGFP pour qu\u2019il fasse le point sur le niveau d\u2019\u00e9x\u00e9cution de l\u2019accord de 2022 avant d\u2019\u00eatre compl\u00e9t\u00e9 par le DRH du MEN. A la suite de leurs presentations, les SG du G7 ont tour \u00e0 tour pris la parole pour faire leurs observations.<\/p>\n\n\n\n<p><strong>Le Gouvernement a \u00e9t\u00e9 interpell\u00e9 sur les questions suivantes:<\/strong><\/p>\n\n\n\n<p>\u2013 La pertinence de mettre en place un cadre permanent de concertations entre les acteurs en lieu et place du comit\u00e9 de suivi des accords,<\/p>\n\n\n\n<p>\u2013 La n\u00e9cessit\u00e9 de mettre \u00e0 la disposition des syndicats le projet de d\u00e9cret modifiant le d\u00e9cret 74-347 du 12 Avril 1974 fixant le r\u00e9gime sp\u00e9cial applicable aux agents non fonctionnaires appel\u00e9s d\u00e9cisionnaires, et d\u2019y ins\u00e9rer la clause transitoire de r\u00e9troactiivit\u00e9 avant toute signature par le pr\u00e9sident de la R\u00e9publique.<\/p>\n\n\n\n<p>\u2013 La r\u00e9duction de la dur\u00e9e de la formation des MEPS (7 mois aulieu de 14) avec la suppression des modules inutiles, l\u2019augmentation du nombre de stagiaires par la cr\u00e9ation de 2 cohortes maximum et l\u2019int\u00e9gration directe dans le nouveau corps de tous les sortants en favorisant la p\u00e9dagogie de la r\u00e9ussite.<\/p>\n\n\n\n<p>\u2013 La formation des Charg\u00e9s de Cours et l\u2019all\u00e8gement du dispositif pour la mise en place rapide de leur IRD (Pr\u00e9sentation d\u2019un OS du Ministre de tutelle et prise de service).<\/p>\n\n\n\n<p>\u2013 La publication sans d\u00e9lai des r\u00e9sultats de l\u2019examen de sortie des enseignants issus du recrutement sp\u00e9cial,<\/p>\n\n\n\n<p>\u2013 La formation des professeurs issus du recrutement sp\u00e9cial, les PC endurcis, les dipl\u00f4mes sp\u00e9ciaux, la mise en position de stage\u2026<\/p>\n\n\n\n<p>\u2013 La r\u00e9forme du CEAP et du CAP pour permettre aux instituteurs de sortir des CRFPE avec le dipl\u00f4me professionnel complet,<\/p>\n\n\n\n<p>\u2013 Le respect du paiement par copie au niveau de la correction du CFEE et de l\u2019entr\u00e9e en 6i\u00e8m et l\u2019int\u00e9gration des animateurs polyvalents dans le corps des IA,<\/p>\n\n\n\n<p>\u2013 la fin des lenteurs administratives et la n\u00e9cessit\u00e9 de cr\u00e9er \u00e0 la fonction publique un service de contr\u00f4le qualit\u00e9 afin de remettre de l\u2019ordre dans la production des actes,<\/p>\n\n\n\n<p>\u2013 l\u2019apurement des rappels par le minist\u00e8re des finances,<\/p>\n\n\n\n<p>\u2013 La n\u00e9cessit\u00e9 de permettre \u00e0 nouveau aux PAMAs d\u2019initier des projets d\u2019avancement d\u2019\u00e9chelon,<\/p>\n\n\n\n<p>\u2013 La signature de l\u2019OS des permanents du CUSEMS AUTHENTIQUE conform\u00e9ment aux dispositions du Proc\u00e9s Verbal y aff\u00e9rent entre autres questions.<\/p>\n\n\n\n<p><strong>Dans la synth\u00e8se du Ministre de la Fonction Publique les mesures suivantes ont \u00e9t\u00e9 <\/strong>:<\/p>\n\n\n\n<p>1) Un atelier de partage du projet de d\u00e9cret relatif aux d\u00e9cisionnaires se tiendra avant la fin du mois de Juillet en cours et le projet amend\u00e9 sera<\/p>\n\n\n\n<p>r\u00e9introduit en Conseil des Ministres avant la prochaine rentr\u00e9e des classes.<\/p>\n\n\n\n<p>2) Toutes les dispositions seront prises en rapport avec le CNEPS pour acc\u00e9l\u00e9rer la formation en privil\u00e9giant la p\u00e9dagogie de la r\u00e9ussite.<\/p>\n\n\n\n<p>3) Le MEN a fait r\u00e9cemment un virement dans les comptes de la FASTEF pour prendre en charge toutes les formations.<\/p>\n\n\n\n<p>4) Il est d\u00e9sormais institu\u00e9 un Cadre permanent de concertations en lieu et place du comit\u00e9 de suivi des accords.<\/p>\n\n\n\n<p>5) Les r\u00e9sultats de l\u2019examen de sortie des enseignants issus du recrutement sp\u00e9cial seront bient\u00f4t publi\u00e9s.<\/p>\n\n\n\n<p>6) Une rencontre d\u2019harmonisation se tiendra entre le MEN et les syndicats sur le paiement de la correction du CFEE et de l\u2019entr\u00e9e en 6i\u00e8m.<\/p>\n\n\n\n<p>7) Les PAMAs seront \u00e0 nouveau autoris\u00e9s \u00e0 initier des projets d\u2019avancement d\u2019\u00e9chelon.<\/p>\n\n\n\n<p>8) Des ateliers se tiendront pour l\u2019effectivit\u00e9 de l\u2019interconnexion des plateformes.<\/p>\n\n\n\n<p>9) La Poste s\u2019est engag\u00e9e \u00e0 payer les salaires des fonctionnaires au plutard le 5 de chaque mois.<\/p>\n\n\n\n<p>10) Un comit\u00e9 ad-hoc entre la Poste et la paierie g\u00e9n\u00e9rale du Minist\u00e8re des Finances sera mis en place et un plan de restructuration adopt\u00e9 pour l\u2019apurement des arri\u00e9r\u00e9s.<\/p>\n\n\n\n<p>11) Une r\u00e9union est pr\u00e9vue entre le Minist\u00e8re des finances et les banques pour mettre fin aux lenteurs dont les b\u00e9n\u00e9ficiaires de conventions DMC sont victimes.<\/p>\n\n\n\n<p>12) Des rencontres sectorielles se tiendront r\u00e9guli\u00e8rement pour d\u00e9grossir et faciliter le travail du cadre permanent de concertations.<\/p>\n\n\n\n<p>13) La prochaine rencontre entre le Gouvernement et le G7 se tiendra au courant du mois de Septembre 2023.<\/p>\n\n\n\n<p>Une rencontre qui a permis d\u2019entrevoir le bout du tunnel pour esp\u00e9rer une rentr\u00e9e er une ann\u00e9e scolaire apais\u00e9e .<\/p>\n\n\n\n<p>Abdou Marie Dia <a rel=\"noreferrer noopener\" href=\"https:\/\/plus.google.com\/share?url=https%3A%2F%2Fwww.xibaaru.sn%2Fgouvernement-et-syndicats-du-g7-renouent-le-dialogue%2F\" target=\"_blank\"><\/a><\/p>\n\n\n\n<p>&nbsp;ARTICLE PR\u00c9CEDENT<\/p>\n\n\n\n<p><a href=\"https:\/\/www.xibaaru.sn\/concerte-de-casseroles-9-membres-de-pastef-envoyes-en-prison\/\">Concerte de casseroles : 9 membres de Pastef envoy\u00e9s en prison<\/a><\/p>\n\n\n\n<p>ARTICLE SUIVANT&nbsp;<\/p>\n\n\n\n<p><a href=\"https:\/\/www.xibaaru.sn\/de-nombreux-leaders-de-benno-valident-la-candidature-de-amadou-ba\/\">De nombreux leaders de Benno valident la candidature de Amadou Ba<\/a><a href=\"https:\/\/www.xibaaru.sn\/gouvernement-et-syndicats-du-g7-renouent-le-dialogue\/#\">&nbsp;laissez un commentaire<\/a><\/p>\n\n\n\n<p>https:\/\/googleads.g.doubleclick.net\/pagead\/ads?client<\/p>\n\n\n\n<p><strong>Publications du jour<\/strong><\/p>\n\n\n\n<p>alogue<\/p>\n\n\n\n<p><strong><a href=\"https:\/\/www.xibaaru.sn\/politique\/\">Politique<\/a><\/strong><\/p>\n\n\n\n<p><a href=\"https:\/\/www.xibaaru.sn\/el-malick-ndiaye-obtient-une-liberte-provisoire\/\">El Malick Ndiaye Obtient Une Libert\u00e9 Provisoire<\/a><\/p>\n\n\n\n<p><\/p>\n\n\n\n<p><strong><a href=\"https:\/\/www.xibaaru.sn\/politique\/\">Politique<\/a><\/strong><\/p>\n\n\n\n<p><a href=\"https:\/\/www.xibaaru.sn\/birame-souleye-diop-libre-2\/\">Birame Souleye Diop Libre !<\/a><\/p>\n\n\n\n<p><a href=\"https:\/\/www.xibaaru.sn\/auteur\/aliou\/\"><em>Niakaar&nbsp;<\/em>&nbsp;<\/a>il y a 4 minutes&nbsp;<a href=\"https:\/\/www.xibaaru.sn\/birame-souleye-diop-libre-2\/#respond\">&nbsp;0<\/a><\/p>\n\n\n\n<p><strong><a href=\"https:\/\/www.xibaaru.sn\/societe\/\">Soci\u00e9t\u00e9<\/a><\/strong><\/p>\n\n\n\n<p><a href=\"https:\/\/www.xibaaru.sn\/human-rights-watch-denonce-des-abus-graves-contre-les-migrants-africains\/\">Human Rights Watch D\u00e9nonce Des Abus Graves Contre Les\u2026<\/a><\/p>\n\n\n\n<p><a href=\"https:\/\/www.xibaaru.sn\/auteur\/aliou\/\"><em>Niakaar&nbsp;<\/em>&nbsp;<\/a>il y a 14 minutes&nbsp;<a href=\"https:\/\/www.xibaaru.sn\/human-rights-watch-denonce-des-abus-graves-contre-les-migrants-africains\/#respond\">&nbsp;0<\/a><\/p>\n\n\n\n<p><strong><a href=\"https:\/\/www.xibaaru.sn\/societe\/\">Soci\u00e9t\u00e9<\/a><\/strong><\/p>\n\n\n\n<p><a href=\"https:\/\/www.xibaaru.sn\/seydi-gassama-les-deces-par-noyade-ne-sont-pas-une-fatalite\/\">Seydi Gassama : \u00ab&nbsp;Les D\u00e9c\u00e8s Par Noyade Ne Sont Pas Une\u2026<\/a><\/p>\n\n\n\n<p><a href=\"https:\/\/www.xibaaru.sn\/auteur\/aliou\/\"><em>Niakaar&nbsp;<\/em>&nbsp;<\/a>il y a 45 minutes&nbsp;<a href=\"https:\/\/www.xibaaru.sn\/seydi-gassama-les-deces-par-noyade-ne-sont-pas-une-fatalite\/#respond\">&nbsp;0<\/a><\/p>\n\n\n\n<p><strong><a href=\"https:\/\/www.xibaaru.sn\/societe\/\">Soci\u00e9t\u00e9<\/a><\/strong><\/p>\n\n\n\n<p><a href=\"https:\/\/www.xibaaru.sn\/bac-2023-ziguinchor-affiche-un-tres-faible-taux\/\">BAC 2023 : Ziguinchor Affiche Un Tr\u00e8s Faible Taux<\/a><\/p>\n\n\n\n<p><a href=\"https:\/\/www.xibaaru.sn\/auteur\/aliou\/\"><em>Niakaar&nbsp;<\/em>&nbsp;<\/a>il y a 1 heure&nbsp;<a href=\"https:\/\/www.xibaaru.sn\/bac-2023-ziguinchor-affiche-un-tres-faible-taux\/#respond\">&nbsp;0<\/a><\/p>\n\n\n\n<p><strong><a href=\"https:\/\/www.xibaaru.sn\/politique\/\">Politique<\/a><\/strong><\/p>\n\n\n\n<p><a href=\"https:\/\/www.xibaaru.sn\/cheikh-bara-dolli-pour-une-reforme-de-larticle-28-de-la-constitution\/\">Cheikh Bara Dolli Pour Une R\u00e9forme De L\u2019article 28 De La\u2026<\/a><\/p>\n\n\n\n<p><a href=\"https:\/\/www.xibaaru.sn\/auteur\/aliou\/\"><em>Niakaar&nbsp;<\/em>&nbsp;<\/a>il y a 2 heures&nbsp;<a href=\"https:\/\/www.xibaaru.sn\/cheikh-bara-dolli-pour-une-reforme-de-larticle-28-de-la-constitution\/#respond\">&nbsp;0<\/a><\/p>\n\n\n\n<p><strong><a href=\"https:\/\/www.xibaaru.sn\/uncategorized\/\">Uncategorized<\/a><\/strong><\/p>\n\n\n\n<p><a href=\"https:\/\/www.xibaaru.sn\/alerte-meteo-de-le-pluie-attendue-dans-la-zone-sud\/\">Alerte M\u00e9t\u00e9o : De Le Pluie Attendue Dans La Zone Sud<\/a><\/p>\n\n\n\n<p><a href=\"https:\/\/www.xibaaru.sn\/auteur\/aliou\/\"><em>Niakaar&nbsp;<\/em>&nbsp;<\/a>il y a 2 heures&nbsp;<a href=\"https:\/\/www.xibaaru.sn\/alerte-meteo-de-le-pluie-attendue-dans-la-zone-sud\/#respond\">&nbsp;0<\/a><\/p>\n\n\n\n<p><strong><a href=\"https:\/\/www.xibaaru.sn\/politique\/\">Politique<\/a><\/strong><\/p>\n\n\n\n<p><a href=\"https:\/\/www.xibaaru.sn\/de-nombreux-leaders-de-benno-valident-la-candidature-de-amadou-ba\/\">De Nombreux Leaders De Benno Valident La Candidature De\u2026<\/a><\/p>\n\n\n\n<p><a href=\"https:\/\/www.xibaaru.sn\/auteur\/aliou\/\"><em>Niakaar&nbsp;<\/em>&nbsp;<\/a>il y a 2 heures&nbsp;<a href=\"https:\/\/www.xibaaru.sn\/de-nombreux-leaders-de-benno-valident-la-candidature-de-amadou-ba\/#respond\">&nbsp;0<\/a><\/p>\n\n\n\n<p><strong><a href=\"https:\/\/www.xibaaru.sn\/societe\/\">Soci\u00e9t\u00e9<\/a><\/strong><\/p>\n\n\n\n<p><a href=\"https:\/\/www.xibaaru.sn\/gouvernement-et-syndicats-du-g7-renouent-le-dialogue\/\">Gouvernement Et Syndicats Du G7 Renouent Le Dialogue<\/a><\/p>\n\n\n\n<p><a href=\"https:\/\/www.xibaaru.sn\/auteur\/aliou\/\"><em>Niakaar&nbsp;<\/em>&nbsp;<\/a>il y a 3 heures&nbsp;<a href=\"https:\/\/www.xibaaru.sn\/gouvernement-et-syndicats-du-g7-renouent-le-dialogue\/#respond\">&nbsp;0<\/a><\/p>\n","protected":false},"excerpt":{"rendered":"<p>Le Mardi 18 Juillet 2023, le Gouvernement et le G7 ont tenu une rencontre dans le cadre du suivi des<\/p>\n","protected":false},"author":1,"featured_media":918,"comment_status":"open","ping_status":"open","sticky":false,"template":"","format":"standard","meta":{"footnotes":""},"categories":[1,9],"tags":[],"class_list":["post-912","post","type-post","status-publish","format-standard","has-post-thumbnail","hentry","category-non-classe","category-education"],"_links":{"self":[{"href":"https:\/\/www.saemss.com\/index.php?rest_route=\/wp\/v2\/posts\/912","targetHints":{"allow":["GET"]}}],"collection":[{"href":"https:\/\/www.saemss.com\/index.php?rest_route=\/wp\/v2\/posts"}],"about":[{"href":"https:\/\/www.saemss.com\/index.php?rest_route=\/wp\/v2\/types\/post"}],"author":[{"embeddable":true,"href":"https:\/\/www.saemss.com\/index.php?rest_route=\/wp\/v2\/users\/1"}],"replies":[{"embeddable":true,"href":"https:\/\/www.saemss.com\/index.php?rest_route=%2Fwp%2Fv2%2Fcomments&post=912"}],"version-history":[{"count":2,"href":"https:\/\/www.saemss.com\/index.php?rest_route=\/wp\/v2\/posts\/912\/revisions"}],"predecessor-version":[{"id":917,"href":"https:\/\/www.saemss.com\/index.php?rest_route=\/wp\/v2\/posts\/912\/revisions\/917"}],"wp:featuredmedia":[{"embeddable":true,"href":"https:\/\/www.saemss.com\/index.php?rest_route=\/wp\/v2\/media\/918"}],"wp:attachment":[{"href":"https:\/\/www.saemss.com\/index.php?rest_route=%2Fwp%2Fv2%2Fmedia&parent=912"}],"wp:term":[{"taxonomy":"category","embeddable":true,"href":"https:\/\/www.saemss.com\/index.php?rest_route=%2Fwp%2Fv2%2Fcategories&post=912"},{"taxonomy":"post_tag","embeddable":true,"href":"https:\/\/www.saemss.com\/index.php?rest_route=%2Fwp%2Fv2%2Ftags&post=912"}],"curies":[{"name":"wp","href":"https:\/\/api.w.org\/{rel}","templated":true}]}}