{"id":435,"date":"2022-11-29T09:29:20","date_gmt":"2022-11-29T08:29:20","guid":{"rendered":"http:\/\/www.saemss.com\/?p=435"},"modified":"2022-11-29T09:29:21","modified_gmt":"2022-11-29T08:29:21","slug":"felicitations-et-remerciements-saemss-kolda","status":"publish","type":"post","link":"https:\/\/www.saemss.com\/?p=435","title":{"rendered":"FELICITATIONS ET REMERCIEMENTS (SAEMSS\/KOLDA)"},"content":{"rendered":"\n<!--more-->\n\n\n\n<h1 class=\"wp-block-heading\">FELICITATIONS_ET_REMERCIEMENTS<\/h1>\n\n\n\n<p>Chers(es) camarades saemssiennes et saemssiens, nous venons de sortir des \u00e9lections des CAP CD o\u00f9 notre organisation est class\u00e9e premi\u00e8re dans le moyen secondaire. Une telle victoire n&rsquo;a \u00e9t\u00e9 possible que gr\u00e2ce \u00e0 la d\u00e9termination des camarades de la base qui, malgr\u00e9 les difficult\u00e9s technologiques, ont vot\u00e9 massivement en choisissant la liste SAEMSS.<br>Au nom du BEN et au nom de la sous-section syndicale acad\u00e9mique de Kolda, nous vous adressons nos chaleureuses f\u00e9licitations et remerciements pour la confiance port\u00e9e \u00e0 notre syndicat.<br>Camarades saemssiennes et saemssiens, nos remerciements vont aussi \u00e0 l\u2019endroit de tous les coll\u00e8gues qui, de pr\u00e8s o\u00f9 de loin, ont apport\u00e9 une assistance technique \u00e0 leurs paires qui \u00e9taient en difficult\u00e9s pendant la p\u00e9riode \u00e9lectorale.<br>Mention sp\u00e9ciale \u00e0 la section de Kolda pour la mobilisation et la d\u00e9termination dont vous avez fait montre.<br>Dans les semaines \u00e0 venir, nous allons vers des \u00e9lections de repr\u00e9sentativit\u00e9 syndicale. Et c\u2019est maintenant qu\u2019il faut les pr\u00e9parer. Ces \u00e9lections verront la participation de tous les enseignants (PC, d\u00e9cisionnaires et fonctionnaires). Et le SAEMSS compte sur chacun de nous, camarades, pour remporter ces \u00e9lections avec plus de 70% au niveau du moyen secondaire.<\/p>\n\n\n\n<p>Vive les camarades<br>Vive le SAEMSS<br>Ensemble relevons d\u2019autres d\u00e9fis en donnant au SAEMSS la majorit\u00e9 absolue et \u00e9crasante.<br>SAEMSS un jour<br>SAEMSS pour toujours.<\/p>\n\n\n\n<p>SG WALY DIATTA<br>SAEMSS KOLDA<\/p>\n","protected":false},"excerpt":{"rendered":"","protected":false},"author":1,"featured_media":436,"comment_status":"open","ping_status":"open","sticky":false,"template":"","format":"standard","meta":{"footnotes":""},"categories":[1,11],"tags":[],"class_list":["post-435","post","type-post","status-publish","format-standard","has-post-thumbnail","hentry","category-non-classe","category-saemssregions"],"_links":{"self":[{"href":"https:\/\/www.saemss.com\/index.php?rest_route=\/wp\/v2\/posts\/435","targetHints":{"allow":["GET"]}}],"collection":[{"href":"https:\/\/www.saemss.com\/index.php?rest_route=\/wp\/v2\/posts"}],"about":[{"href":"https:\/\/www.saemss.com\/index.php?rest_route=\/wp\/v2\/types\/post"}],"author":[{"embeddable":true,"href":"https:\/\/www.saemss.com\/index.php?rest_route=\/wp\/v2\/users\/1"}],"replies":[{"embeddable":true,"href":"https:\/\/www.saemss.com\/index.php?rest_route=%2Fwp%2Fv2%2Fcomments&post=435"}],"version-history":[{"count":1,"href":"https:\/\/www.saemss.com\/index.php?rest_route=\/wp\/v2\/posts\/435\/revisions"}],"predecessor-version":[{"id":437,"href":"https:\/\/www.saemss.com\/index.php?rest_route=\/wp\/v2\/posts\/435\/revisions\/437"}],"wp:featuredmedia":[{"embeddable":true,"href":"https:\/\/www.saemss.com\/index.php?rest_route=\/wp\/v2\/media\/436"}],"wp:attachment":[{"href":"https:\/\/www.saemss.com\/index.php?rest_route=%2Fwp%2Fv2%2Fmedia&parent=435"}],"wp:term":[{"taxonomy":"category","embeddable":true,"href":"https:\/\/www.saemss.com\/index.php?rest_route=%2Fwp%2Fv2%2Fcategories&post=435"},{"taxonomy":"post_tag","embeddable":true,"href":"https:\/\/www.saemss.com\/index.php?rest_route=%2Fwp%2Fv2%2Ftags&post=435"}],"curies":[{"name":"wp","href":"https:\/\/api.w.org\/{rel}","templated":true}]}}