{"id":397,"date":"2022-11-21T15:48:15","date_gmt":"2022-11-21T14:48:15","guid":{"rendered":"http:\/\/www.saemss.com\/?p=397"},"modified":"2022-11-21T19:41:03","modified_gmt":"2022-11-21T18:41:03","slug":"section-syndicale-du-saemss-mbour-rentree-syndicale","status":"publish","type":"post","link":"https:\/\/www.saemss.com\/?p=397","title":{"rendered":"SECTION SYNDICALE DU SAEMSS MBOUR: RENTREE SYNDICALE."},"content":{"rendered":"\n<p>La Section Syndicale Acad\u00e9mique du SAEMSS de THI\u00c8S a tenu sa rentr\u00e9e syndicale ce samedi 19 novembre 2022<\/p>\n\n\n\n<!--more-->\n\n\n\n<p>\u00e0 partir de 10h au lyc\u00e9e Demba Diop de Mbour sous la pr\u00e9sence d&rsquo;une forte d\u00e9l\u00e9gation du BEN conduite par le SGN YOUM, du SGR, des SGD des sous-sections, des coordonnateurs d&rsquo;USE, des militants et sympathisants venus de partout de la r\u00e9gion.<\/p>\n\n\n\n<p>THEME : \u00ab Le syndicalisme au service de l\u2019\u00e9cole : le SAEMSS un exemple \u00e0 suivre \u00bb. Il est anim\u00e9 par le Charg\u00e9 de la formation syndicale du SAEMSS, Monsieur Moustaph Diarra.<br>La Formation et sensibilisation au vote \u00e9lectronique sont assur\u00e9es par les formateurs: le SGN Youm et le coordonnateur aux CAP\/CD Bakhoum<\/p>\n\n\n\n<p>L&rsquo;objectif principal de cette journ\u00e9e SAEMSS est de contribuer \u00e0 la sensibilisation et la large victoire du SAEMSS au lendemain des \u00e9lections de CAP\/CD et repr\u00e9sentativit\u00e9 syndicale.<br>Des objectifs ont \u00e9t\u00e9 fix\u00e9s:<br>1- Promouvoir les acquis syndicaux du SAEMSS.<br>2- Partager les strat\u00e9gies et techniques de vote.<br>3- Pr\u00e9senter les projets sociaux du SAEMSS.<br>4- Promouvoir la visibilit\u00e9 du SAEMSS dans le d\u00e9partement de Mbour.<\/p>\n\n\n\n<p>A la fin de la journ\u00e9e les objectifs ont \u00e9t\u00e9 atteints:<br>1- 200 enseignants sont inform\u00e9s et sensibilis\u00e9s sur le th\u00e8me de la journ\u00e9e.<br>2- Le diagnostic des forces, faiblesses et opportunit\u00e9s pour une \u00e9cole s\u00e9n\u00e9galaise apais\u00e9e.<br>3- L\u2019adoption du rapport et des conclusions de la journ\u00e9e.<br>4- La m\u00e9diatisation d\u00e9 la journ\u00e9e pour plus de visibilit\u00e9 et sensibilisation. <\/p>\n\n\n\n<p> Katim TOURE, SNPC du SAEMSS.<\/p>\n","protected":false},"excerpt":{"rendered":"<p>La Section Syndicale Acad\u00e9mique du SAEMSS de THI\u00c8S a tenu sa rentr\u00e9e syndicale ce samedi 19 novembre 2022<\/p>\n","protected":false},"author":1,"featured_media":401,"comment_status":"open","ping_status":"open","sticky":false,"template":"","format":"standard","meta":{"footnotes":""},"categories":[1,4,11],"tags":[],"class_list":["post-397","post","type-post","status-publish","format-standard","has-post-thumbnail","hentry","category-non-classe","category-fonction-publique","category-saemssregions"],"_links":{"self":[{"href":"https:\/\/www.saemss.com\/index.php?rest_route=\/wp\/v2\/posts\/397","targetHints":{"allow":["GET"]}}],"collection":[{"href":"https:\/\/www.saemss.com\/index.php?rest_route=\/wp\/v2\/posts"}],"about":[{"href":"https:\/\/www.saemss.com\/index.php?rest_route=\/wp\/v2\/types\/post"}],"author":[{"embeddable":true,"href":"https:\/\/www.saemss.com\/index.php?rest_route=\/wp\/v2\/users\/1"}],"replies":[{"embeddable":true,"href":"https:\/\/www.saemss.com\/index.php?rest_route=%2Fwp%2Fv2%2Fcomments&post=397"}],"version-history":[{"count":1,"href":"https:\/\/www.saemss.com\/index.php?rest_route=\/wp\/v2\/posts\/397\/revisions"}],"predecessor-version":[{"id":399,"href":"https:\/\/www.saemss.com\/index.php?rest_route=\/wp\/v2\/posts\/397\/revisions\/399"}],"wp:featuredmedia":[{"embeddable":true,"href":"https:\/\/www.saemss.com\/index.php?rest_route=\/wp\/v2\/media\/401"}],"wp:attachment":[{"href":"https:\/\/www.saemss.com\/index.php?rest_route=%2Fwp%2Fv2%2Fmedia&parent=397"}],"wp:term":[{"taxonomy":"category","embeddable":true,"href":"https:\/\/www.saemss.com\/index.php?rest_route=%2Fwp%2Fv2%2Fcategories&post=397"},{"taxonomy":"post_tag","embeddable":true,"href":"https:\/\/www.saemss.com\/index.php?rest_route=%2Fwp%2Fv2%2Ftags&post=397"}],"curies":[{"name":"wp","href":"https:\/\/api.w.org\/{rel}","templated":true}]}}