{"id":219,"date":"2022-09-27T05:55:35","date_gmt":"2022-09-27T03:55:35","guid":{"rendered":"http:\/\/www.saemss.com\/?p=219"},"modified":"2022-09-27T06:39:09","modified_gmt":"2022-09-27T04:39:09","slug":"5-eme-congres-du-saemss-du-24-au-25-09-22-a-lucad","status":"publish","type":"post","link":"https:\/\/www.saemss.com\/?p=219","title":{"rendered":"5 \u00e8me  CONGRES DU SAEMSS DU 24 AU 25\/09\/22 A L&rsquo;UCAD."},"content":{"rendered":"\n<p>Le Syndicat Autonome des Enseignants du Moyen et Secondaire du S\u00e9n\u00e9gal SAEMSS a demarr\u00e9 les travaux du V eme Congr\u00e8s ordinaire ce Samedi 24 Septembre 2022 \u00e0 l&rsquo; UCAD pour une conclave de deux jours.<br><\/p>\n\n\n\n<!--more-->\n\n\n\n<p>La c\u00e9r\u00e9monie d&rsquo;ouverture est pr\u00e9sid\u00e9e par le ministre de l&rsquo; \u00c9ducation nationale Mr Cheikh Oumar Hanne en pr\u00e9sence de ses collaborateurs, des SG du G7, de certains SG du G20, de la CNTS\/ FC avec son SG Mr Cheikh Diop.<br>Plus de six cents d\u00e9l\u00e9gu\u00e9s et invit\u00e9s, venus de toutes les IEF et IA du Senegal ont marqu\u00e9 leur pr\u00e9sence \u00e0 la pr\u00e9sente activit\u00e9.<br>Le SGN sortant Saourou Sene qui va quitter la t\u00eate de l&rsquo; Organisation a tenu un discours de haute facture qui marquera encore les esprits. C&rsquo;\u00e9taient des moments o\u00f9 le Camarade SGN Saourou Sene a \u00e9t\u00e9 honor\u00e9 par le SAEMSS, son personnel d&rsquo;appui, les sections r\u00e9gionales, les sous &#8211; sections d\u00e9partementales et des enseignants venus montrer toute leur reconnaissance au SGN Saourou Sene.<br>La premi\u00e8re journ\u00e9e a \u00e9t\u00e9 aussi marqu\u00e9e par le renouvellement de la Convention Nationale des Femmes o\u00f9 la camarade Rokhy Daba Mbodji a \u00e9t\u00e9 reconduite au poste de Pr\u00e9sidente de la CNF et l&rsquo;\u00e9lection des dix huit membres du Bureau national de la CNF.<br>Ce dimanche 25, aura lieu le renouvellement du Bureau Ex\u00e9cutif National ( BEN) et c&rsquo;est apr\u00e8s cela que le successeur de Mr Saourou Sene sera connu.<br>Nous souhaitons pleins succ\u00e8s \u00e0 tous les congressistes saemssiens et renouvellons toute notre reconnaissance \u00e0 Mr Saourou Sene pour services rendus aux enseignants et au SAEMSS de fa\u00e7on particuli\u00e8re.<br>Le SNPC du SAEMSS Mr Tamsir BAKHOUM<\/p>\n","protected":false},"excerpt":{"rendered":"<p>Le Syndicat Autonome des Enseignants du Moyen et Secondaire du S\u00e9n\u00e9gal SAEMSS a demarr\u00e9 les travaux du V eme Congr\u00e8s<\/p>\n","protected":false},"author":1,"featured_media":221,"comment_status":"open","ping_status":"open","sticky":false,"template":"","format":"standard","meta":{"footnotes":""},"categories":[1],"tags":[],"class_list":["post-219","post","type-post","status-publish","format-standard","has-post-thumbnail","hentry","category-non-classe"],"_links":{"self":[{"href":"https:\/\/www.saemss.com\/index.php?rest_route=\/wp\/v2\/posts\/219","targetHints":{"allow":["GET"]}}],"collection":[{"href":"https:\/\/www.saemss.com\/index.php?rest_route=\/wp\/v2\/posts"}],"about":[{"href":"https:\/\/www.saemss.com\/index.php?rest_route=\/wp\/v2\/types\/post"}],"author":[{"embeddable":true,"href":"https:\/\/www.saemss.com\/index.php?rest_route=\/wp\/v2\/users\/1"}],"replies":[{"embeddable":true,"href":"https:\/\/www.saemss.com\/index.php?rest_route=%2Fwp%2Fv2%2Fcomments&post=219"}],"version-history":[{"count":9,"href":"https:\/\/www.saemss.com\/index.php?rest_route=\/wp\/v2\/posts\/219\/revisions"}],"predecessor-version":[{"id":231,"href":"https:\/\/www.saemss.com\/index.php?rest_route=\/wp\/v2\/posts\/219\/revisions\/231"}],"wp:featuredmedia":[{"embeddable":true,"href":"https:\/\/www.saemss.com\/index.php?rest_route=\/wp\/v2\/media\/221"}],"wp:attachment":[{"href":"https:\/\/www.saemss.com\/index.php?rest_route=%2Fwp%2Fv2%2Fmedia&parent=219"}],"wp:term":[{"taxonomy":"category","embeddable":true,"href":"https:\/\/www.saemss.com\/index.php?rest_route=%2Fwp%2Fv2%2Fcategories&post=219"},{"taxonomy":"post_tag","embeddable":true,"href":"https:\/\/www.saemss.com\/index.php?rest_route=%2Fwp%2Fv2%2Ftags&post=219"}],"curies":[{"name":"wp","href":"https:\/\/api.w.org\/{rel}","templated":true}]}}