{"id":1340,"date":"2024-08-14T10:34:03","date_gmt":"2024-08-14T08:34:03","guid":{"rendered":"http:\/\/www.saemss.com\/?p=1340"},"modified":"2024-08-14T20:08:32","modified_gmt":"2024-08-14T18:08:32","slug":"rencontre-avec-le-ministere-de-la-formation-professionnelle","status":"publish","type":"post","link":"https:\/\/www.saemss.com\/?p=1340","title":{"rendered":"RENCONTRE AVEC LE MINISTERE DE LA FORMATION PROFESSIONNELLE"},"content":{"rendered":"\n<p>Ce lundi, s\u2019est tenue, \u00e0 partir de 11H 48 minutes aux Sph\u00e8res minist\u00e9rielles de Diamniadio,<\/p>\n\n\n\n<!--more-->\n\n\n\n<p>, une rencontre entre le SAEMSS et le Minist\u00e8re de la formation Professionnelle. Le ministre, accompagn\u00e9 de ses principaux collaborateurs, notamment du SG, du DRH et du CT, a prononc\u00e9 un mot de bienvenue \u00e0 l\u2019endroit de la d\u00e9l\u00e9gation syndicale et r\u00e9it\u00e9r\u00e9 sa volont\u00e9 de nouer un partenariat f\u00e9cond avec les syndicats repr\u00e9sentatifs du secteur de l\u2019\u00e9ducation et de la formation. &nbsp;<\/p>\n\n\n\n<p>Prenant la parole \u00e0 la suite du ministre, le SGN du SAEMSS a annonc\u00e9 que cette s\u00e9ance de travail s\u2019inscrit dans le cadre des rencontres devant se faire r\u00e9guli\u00e8rement pour le suivi de la mise en \u0153uvre des accords et la prise en charge des pr\u00e9occupations des enseignants. Il a, ensuite, f\u00e9licit\u00e9 le ministre au nom de toute la d\u00e9l\u00e9gation du SAEMSS et pri\u00e9 pour la r\u00e9ussite de sa mission. Il s\u2019est, \u00e9galement, r\u00e9joui de la volont\u00e9 du ministre de renouer le fil du dialogue avec les partenaires sociaux du G7 apr\u00e8s une phase de rupture initi\u00e9e par son pr\u00e9d\u00e9cesseur. Revenant sur le bilan syndical, il a mentionn\u00e9 les acquis obtenus par le SAEMSS de hautes luttes au profit des enseignants de la formation professionnelle. Il s\u2019agit :<\/p>\n\n\n\n<ul class=\"wp-block-list\">\n<li>De l\u2019octroi de l\u2019IRD aux professeurs des lyc\u00e9es techniques et aux METP en 2007 ;<\/li>\n\n\n\n<li>Du rel\u00e8vement de l\u2019indemnit\u00e9 d\u2019enseignement au profit de tous les enseignants et du rel\u00e8vement des indemnit\u00e9s li\u00e9es aux examens professionnels et au baccalaur\u00e9at ;<\/li>\n\n\n\n<li>Des passerelles professionnelles de mai 2011 permettant aux METP de faire le CAEMT ou au PEM de faire le CAESTP pour acc\u00e9der aux corps sup\u00e9rieurs ;<\/li>\n\n\n\n<li>De la formation dipl\u00f4mante des enseignants exer\u00e7ant dans les fili\u00e8res de la formation professionnelle en 2015 (menuiserie-bois, coiffure, restauration, poterie-c\u00e9ramique, couture, alphab\u00e9tisation et d\u00e9veloppement local) pour leur int\u00e9gration dans la fonction publique ;<\/li>\n\n\n\n<li>De la validation des ann\u00e9es de vacation et de contractualisation et<\/li>\n\n\n\n<li>De la revalorisation salariale de mai 2022 qui a pris en compte les METP, les professeurs des lyc\u00e9es techniques, les PC, les directeurs des CFP, les chefs des travaux laiss\u00e9s en rade au d\u00e9part avant d\u2019etre r\u00e9tablis dans leurs droits gr\u00e2ce \u00e0 l\u2019intervention du SAEMSS.<\/li>\n\n\n\n<li>Apr\u00e8s ces rappels historiques importants, le SGN a fait une radioscopie du secteur pour faire ressortir les dysfonctionnements auxquels le ministre et son \u00e9quipe devraient apporter des solutions urgentes. Il s\u2019agit notamment : De la poursuite des r\u00e9formes portant sur une autonomisation des lyc\u00e9es et centres de formation professionnelle et de lar\u00e9forme STIDD en impliquant les partenaires sociaux et en proc\u00e9dant \u00e0 une phase d\u2019\u00e9valuation ;<\/li>\n\n\n\n<li>Du paiement diligent des indemnit\u00e9s d\u2019encadrement de m\u00e9moire et des examens professionnels ;<\/li>\n\n\n\n<li>De la construction de lyc\u00e9es techniques modernes et de l\u2019\u00e9quipement de tous CFP de mat\u00e9riels de derni\u00e8re g\u00e9n\u00e9ration ;<\/li>\n\n\n\n<li>De la r\u00e9vision du statut des METP ;<\/li>\n\n\n\n<li>De la transparence dans le mouvement national et du respect des dispositions l\u00e9gales le r\u00e9gissant ;<\/li>\n\n\n\n<li>De la production diligente des cartes professionnelles pour tous les agents du secteur de la formation professionnelle \u00e0 l\u2019instar de ceux de celui de l\u2019\u00e9ducation ;<\/li>\n\n\n\n<li>De la r\u00e9gularit\u00e9 de la tenue des passerelles professionnelles et<\/li>\n\n\n\n<li>De la poursuite de la correction du syst\u00e8me de r\u00e9mun\u00e9ration au profit des agents du secteur de la formation professionnelle.\u00b5<\/li>\n\n\n\n<li>\n<ul class=\"wp-block-list\">\n<li><\/li>\n\n\n\n<li>Reprenant la parole, les collaborateurs du ministre ont apport\u00e9 des clarifications. Concernant les cartes professionnelles obtenues dans le cadre du partenariat dynamique avec le G7, le SG a rappel\u00e9 qu\u2019il est du ressort du minist\u00e8re de les mettre \u00e0 la disposition de tous les enseignants concern\u00e9s. Pour le passif de 4.800 cartes restantes, il a pris l\u2019engagement de les produire dans les meilleurs d\u00e9lais en collaboration avec le G7. Il a \u00e9galement rappel\u00e9 qu\u2019\u00e0 l\u2019instardes MEPS une solution est \u00e9galement envisageable pour les METP en partant des propositions faites par le SAEMSS.<\/li>\n<\/ul>\n<\/li>\n\n\n\n<li>Au passage, le DRH a rappel\u00e9 les r\u00e8gles de transparence qui r\u00e9gissent le fonctionnement du mouvement national avant de revenir sur le profil vari\u00e9 des METP.<\/li>\n\n\n\n<li>A son tour, le CT a rappel\u00e9 l\u2019ambitieux programme de construction de lyc\u00e9es professionnels modernes au niveau de chaque inspection d\u2019acad\u00e9mie, l\u2019\u00e9largissement de l\u2019offre de formation au niveau du lyc\u00e9e Abdoulaye Niasse ainsi que les chantiers de r\u00e9novation et d\u2019extension au niveau du lyc\u00e9e Seydina Limamou Laye. &nbsp;<\/li>\n\n\n\n<li>Prenant la parole \u00e0 la suite des diff\u00e9rents intervenants, le Ministre a, d\u2019abord, salu\u00e9 le travail citoyen men\u00e9 par des organisations syndicales comme le SAEMSS au b\u00e9n\u00e9fice du peuple s\u00e9n\u00e9galais. Par la suite, il a renforc\u00e9 les propos tenus par ses collaborateurs en s\u2019engageant \u00e0 corriger toute injustice au d\u00e9triment de la repr\u00e9sentativit\u00e9 syndicale, \u00e0 mat\u00e9rialiser les perspectives d\u2019\u00e9quipement des centres de formation et de construction de lyc\u00e9es techniques. Aussi, s\u2019est-il engag\u00e9 \u00e0 plus de disponibilit\u00e9 de sa part et d\u2019ouverture de son d\u00e9partement minist\u00e9riel avec l\u2019institutionnalisation de rencontres r\u00e9guli\u00e8res dont la p\u00e9riodicit\u00e9 sera d\u00e9termin\u00e9e ult\u00e9rieurement ainsi que la tenue de s\u00e9ances techniques pour poursuivre la r\u00e9flexion sur les questions soulev\u00e9es \u00e0 chaque fois que de besoinC\u2019est sur ces mots d\u2019espoirs que la s\u00e9ance est lev\u00e9e \u00e0 12H 53 minutes.<\/li>\n<\/ul>\n\n\n\n<p>                                                                LE RAPPORTEUR<\/p>\n\n\n\n<figure class=\"wp-block-image size-large\"><img loading=\"lazy\" decoding=\"async\" width=\"703\" height=\"1024\" src=\"http:\/\/www.saemss.com\/wp-content\/uploads\/2024\/08\/IMG-20240813-WA0358-703x1024.jpg\" alt=\"\" class=\"wp-image-1343\" srcset=\"https:\/\/www.saemss.com\/wp-content\/uploads\/2024\/08\/IMG-20240813-WA0358-703x1024.jpg 703w, https:\/\/www.saemss.com\/wp-content\/uploads\/2024\/08\/IMG-20240813-WA0358-206x300.jpg 206w, https:\/\/www.saemss.com\/wp-content\/uploads\/2024\/08\/IMG-20240813-WA0358-768x1118.jpg 768w, https:\/\/www.saemss.com\/wp-content\/uploads\/2024\/08\/IMG-20240813-WA0358.jpg 879w\" sizes=\"auto, (max-width: 703px) 100vw, 703px\" \/><\/figure>\n\n\n\n<p><\/p>\n\n\n\n<p><\/p>\n\n\n\n<figure class=\"wp-block-image size-large\"><img loading=\"lazy\" decoding=\"async\" width=\"1024\" height=\"768\" src=\"http:\/\/www.saemss.com\/wp-content\/uploads\/2024\/08\/IMG-20240813-WA0359-1024x768.jpg\" alt=\"\" class=\"wp-image-1344\" srcset=\"https:\/\/www.saemss.com\/wp-content\/uploads\/2024\/08\/IMG-20240813-WA0359-1024x768.jpg 1024w, https:\/\/www.saemss.com\/wp-content\/uploads\/2024\/08\/IMG-20240813-WA0359-300x225.jpg 300w, https:\/\/www.saemss.com\/wp-content\/uploads\/2024\/08\/IMG-20240813-WA0359-768x576.jpg 768w, https:\/\/www.saemss.com\/wp-content\/uploads\/2024\/08\/IMG-20240813-WA0359.jpg 1280w\" sizes=\"auto, (max-width: 1024px) 100vw, 1024px\" \/><\/figure>\n\n\n\n<p><\/p>\n\n\n\n<figure class=\"wp-block-image size-large\"><img loading=\"lazy\" decoding=\"async\" width=\"1024\" height=\"768\" src=\"http:\/\/www.saemss.com\/wp-content\/uploads\/2024\/08\/IMG-20240813-WA0360-1024x768.jpg\" alt=\"\" class=\"wp-image-1345\" srcset=\"https:\/\/www.saemss.com\/wp-content\/uploads\/2024\/08\/IMG-20240813-WA0360-1024x768.jpg 1024w, https:\/\/www.saemss.com\/wp-content\/uploads\/2024\/08\/IMG-20240813-WA0360-300x225.jpg 300w, https:\/\/www.saemss.com\/wp-content\/uploads\/2024\/08\/IMG-20240813-WA0360-768x576.jpg 768w, https:\/\/www.saemss.com\/wp-content\/uploads\/2024\/08\/IMG-20240813-WA0360.jpg 1280w\" sizes=\"auto, (max-width: 1024px) 100vw, 1024px\" \/><\/figure>\n\n\n\n<p><\/p>\n\n\n\n<figure class=\"wp-block-image size-large\"><img loading=\"lazy\" decoding=\"async\" width=\"846\" height=\"1024\" src=\"http:\/\/www.saemss.com\/wp-content\/uploads\/2024\/08\/IMG-20240813-WA0361-846x1024.jpg\" alt=\"\" class=\"wp-image-1346\" srcset=\"https:\/\/www.saemss.com\/wp-content\/uploads\/2024\/08\/IMG-20240813-WA0361-846x1024.jpg 846w, https:\/\/www.saemss.com\/wp-content\/uploads\/2024\/08\/IMG-20240813-WA0361-248x300.jpg 248w, https:\/\/www.saemss.com\/wp-content\/uploads\/2024\/08\/IMG-20240813-WA0361-768x930.jpg 768w, https:\/\/www.saemss.com\/wp-content\/uploads\/2024\/08\/IMG-20240813-WA0361.jpg 1057w\" sizes=\"auto, (max-width: 846px) 100vw, 846px\" \/><\/figure>\n\n\n\n<p><\/p>\n\n\n\n<figure class=\"wp-block-image size-full\"><img loading=\"lazy\" decoding=\"async\" width=\"1000\" height=\"750\" src=\"http:\/\/www.saemss.com\/wp-content\/uploads\/2024\/08\/IMG-20240813-WA0362.jpg\" alt=\"\" class=\"wp-image-1347\" srcset=\"https:\/\/www.saemss.com\/wp-content\/uploads\/2024\/08\/IMG-20240813-WA0362.jpg 1000w, https:\/\/www.saemss.com\/wp-content\/uploads\/2024\/08\/IMG-20240813-WA0362-300x225.jpg 300w, https:\/\/www.saemss.com\/wp-content\/uploads\/2024\/08\/IMG-20240813-WA0362-768x576.jpg 768w\" sizes=\"auto, (max-width: 1000px) 100vw, 1000px\" \/><\/figure>\n\n\n\n<p><\/p>\n\n\n\n<figure class=\"wp-block-image size-large\"><img loading=\"lazy\" decoding=\"async\" width=\"1024\" height=\"768\" src=\"http:\/\/www.saemss.com\/wp-content\/uploads\/2024\/08\/IMG-20240813-WA0363-1024x768.jpg\" alt=\"\" class=\"wp-image-1348\" srcset=\"https:\/\/www.saemss.com\/wp-content\/uploads\/2024\/08\/IMG-20240813-WA0363-1024x768.jpg 1024w, https:\/\/www.saemss.com\/wp-content\/uploads\/2024\/08\/IMG-20240813-WA0363-300x225.jpg 300w, https:\/\/www.saemss.com\/wp-content\/uploads\/2024\/08\/IMG-20240813-WA0363-768x576.jpg 768w, https:\/\/www.saemss.com\/wp-content\/uploads\/2024\/08\/IMG-20240813-WA0363.jpg 1280w\" sizes=\"auto, (max-width: 1024px) 100vw, 1024px\" \/><\/figure>\n\n\n\n<figure class=\"wp-block-image size-large\"><img loading=\"lazy\" decoding=\"async\" width=\"1024\" height=\"768\" src=\"http:\/\/www.saemss.com\/wp-content\/uploads\/2024\/08\/InShot_20240814_175856918-1024x768.jpg\" alt=\"\" class=\"wp-image-1351\" srcset=\"https:\/\/www.saemss.com\/wp-content\/uploads\/2024\/08\/InShot_20240814_175856918-1024x768.jpg 1024w, https:\/\/www.saemss.com\/wp-content\/uploads\/2024\/08\/InShot_20240814_175856918-300x225.jpg 300w, https:\/\/www.saemss.com\/wp-content\/uploads\/2024\/08\/InShot_20240814_175856918-768x576.jpg 768w, https:\/\/www.saemss.com\/wp-content\/uploads\/2024\/08\/InShot_20240814_175856918-1536x1152.jpg 1536w, https:\/\/www.saemss.com\/wp-content\/uploads\/2024\/08\/InShot_20240814_175856918.jpg 1920w\" sizes=\"auto, (max-width: 1024px) 100vw, 1024px\" \/><\/figure>\n","protected":false},"excerpt":{"rendered":"<p>Ce lundi, s\u2019est tenue, \u00e0 partir de 11H 48 minutes aux Sph\u00e8res minist\u00e9rielles de Diamniadio,<\/p>\n","protected":false},"author":1,"featured_media":1342,"comment_status":"open","ping_status":"open","sticky":false,"template":"","format":"standard","meta":{"footnotes":""},"categories":[1],"tags":[],"class_list":["post-1340","post","type-post","status-publish","format-standard","has-post-thumbnail","hentry","category-non-classe"],"_links":{"self":[{"href":"https:\/\/www.saemss.com\/index.php?rest_route=\/wp\/v2\/posts\/1340","targetHints":{"allow":["GET"]}}],"collection":[{"href":"https:\/\/www.saemss.com\/index.php?rest_route=\/wp\/v2\/posts"}],"about":[{"href":"https:\/\/www.saemss.com\/index.php?rest_route=\/wp\/v2\/types\/post"}],"author":[{"embeddable":true,"href":"https:\/\/www.saemss.com\/index.php?rest_route=\/wp\/v2\/users\/1"}],"replies":[{"embeddable":true,"href":"https:\/\/www.saemss.com\/index.php?rest_route=%2Fwp%2Fv2%2Fcomments&post=1340"}],"version-history":[{"count":2,"href":"https:\/\/www.saemss.com\/index.php?rest_route=\/wp\/v2\/posts\/1340\/revisions"}],"predecessor-version":[{"id":1352,"href":"https:\/\/www.saemss.com\/index.php?rest_route=\/wp\/v2\/posts\/1340\/revisions\/1352"}],"wp:featuredmedia":[{"embeddable":true,"href":"https:\/\/www.saemss.com\/index.php?rest_route=\/wp\/v2\/media\/1342"}],"wp:attachment":[{"href":"https:\/\/www.saemss.com\/index.php?rest_route=%2Fwp%2Fv2%2Fmedia&parent=1340"}],"wp:term":[{"taxonomy":"category","embeddable":true,"href":"https:\/\/www.saemss.com\/index.php?rest_route=%2Fwp%2Fv2%2Fcategories&post=1340"},{"taxonomy":"post_tag","embeddable":true,"href":"https:\/\/www.saemss.com\/index.php?rest_route=%2Fwp%2Fv2%2Ftags&post=1340"}],"curies":[{"name":"wp","href":"https:\/\/api.w.org\/{rel}","templated":true}]}}