{"id":1318,"date":"2024-07-25T09:47:18","date_gmt":"2024-07-25T07:47:18","guid":{"rendered":"http:\/\/www.saemss.com\/?p=1318"},"modified":"2024-07-25T09:47:20","modified_gmt":"2024-07-25T07:47:20","slug":"pour-une-meilleure-gestion-de-la-carriere-des-enseignants-la-fonction-publique-et-leducation-nationale-signent-une-declaration-dintention","status":"publish","type":"post","link":"https:\/\/www.saemss.com\/?p=1318","title":{"rendered":"Pour une meilleure gestion de la carri\u00e8re des enseignants : La Fonction publique et l\u2019Education nationale signent une d\u00e9claration d\u2019intention"},"content":{"rendered":"\n<p>Dans le but d\u2019harmoniser leur contribution \u00e0 la prise en charge des pr\u00e9occupations du secteur public de l\u2019Enseignement et \u00e0 l\u2019apaisement du climat social,<\/p>\n\n\n\n<!--more-->\n\n\n\n<p>Monsieur Olivier Boucal, Ministre de la Fonction publique et de la R\u00e9forme du Service public (MFRSP) et Monsieur Moustapha Mamba Guirassy, Ministre de l\u2019\u00c9ducation nationale (MEN) ont sign\u00e9 une d\u00e9claration d\u2019intentions, le mercredi 24 juillet 2024 \u00e0 la salle de conf\u00e9rence du Minist\u00e8re de la Fonction publique.<\/p>\n\n\n\n<p>Selon les deux autorit\u00e9s, cette d\u00e9claration vise \u00e0 mutualiser les efforts du MEN et du MFPRSP pour la prise en charge efficace et efficiente des questions relatives \u00e0 la carri\u00e8re des agents de l\u2019Etat du secteur de l\u2019\u00e9ducation et de la formation.<\/p>\n\n\n\n<p>Pour ce faire, Le MEN et le MFPRSP s\u2019engagent \u00e0 :<\/p>\n\n\n\n<p>&#8211; prendre toute initiative, en rapport avec les administrations concern\u00e9es, pour la disponibilit\u00e9, dans les meilleurs d\u00e9lais, des actes d\u2019administration des enseignants ;<\/p>\n\n\n\n<p>&#8211; mettre en place un dispositif de traitement diligent des dossiers des enseignants (int\u00e9gration, validation, radiation, disponibilit\u00e9, avancement, etc.) ;<\/p>\n\n\n\n<p>&#8211; mutualiser leurs efforts pour la finalisation du processus d\u2019interop\u00e9rabilit\u00e9 des plateformes MIRADOR, GIRAFE et Solde, au plus tard dans six (06) mois \u00e0 compter de la date de signature de la pr\u00e9sente d\u00e9claration&nbsp; ;<\/p>\n\n\n\n<p>&#8211; proc\u00e9der \u00e0 une digitalisation int\u00e9grale du processus d\u2019\u00e9laboration des actes d\u2019administrations des enseignants ;<\/p>\n\n\n\n<p>&#8211; examiner dans les meilleurs d\u00e9lais toute requ\u00eate de la partie syndicale, notamment la situation des d\u00e9cisionnaires ;<\/p>\n\n\n\n<p>&#8211; recevoir tous les trois mois les organisations syndicales les plus repr\u00e9sentatives du secteur public de l\u2019Enseignement.<\/p>\n\n\n\n<p>Un Comit\u00e9 de Pilotage et de Suivi et est mis en place pour cette d\u00e9claration conclue pour une dur\u00e9e de deux (02) ans renouvelable par tacite reconduction.<\/p>\n\n\n\n<p>Source SENEWEB<\/p>\n\n\n\n<figure class=\"wp-block-image size-large\"><img loading=\"lazy\" decoding=\"async\" width=\"1024\" height=\"613\" src=\"http:\/\/www.saemss.com\/wp-content\/uploads\/2024\/07\/Boucal-Guirassy2-1024x613.jpeg\" alt=\"\" class=\"wp-image-1319\" srcset=\"https:\/\/www.saemss.com\/wp-content\/uploads\/2024\/07\/Boucal-Guirassy2-1024x613.jpeg 1024w, https:\/\/www.saemss.com\/wp-content\/uploads\/2024\/07\/Boucal-Guirassy2-300x179.jpeg 300w, https:\/\/www.saemss.com\/wp-content\/uploads\/2024\/07\/Boucal-Guirassy2-768x459.jpeg 768w, https:\/\/www.saemss.com\/wp-content\/uploads\/2024\/07\/Boucal-Guirassy2.jpeg 1080w\" sizes=\"auto, (max-width: 1024px) 100vw, 1024px\" \/><\/figure>\n\n\n\n<figure class=\"wp-block-image size-large\"><img loading=\"lazy\" decoding=\"async\" width=\"1024\" height=\"888\" src=\"http:\/\/www.saemss.com\/wp-content\/uploads\/2024\/07\/Boucal-Guirassy1-1024x888.jpeg\" alt=\"\" class=\"wp-image-1320\" srcset=\"https:\/\/www.saemss.com\/wp-content\/uploads\/2024\/07\/Boucal-Guirassy1-1024x888.jpeg 1024w, https:\/\/www.saemss.com\/wp-content\/uploads\/2024\/07\/Boucal-Guirassy1-300x260.jpeg 300w, https:\/\/www.saemss.com\/wp-content\/uploads\/2024\/07\/Boucal-Guirassy1-768x666.jpeg 768w, https:\/\/www.saemss.com\/wp-content\/uploads\/2024\/07\/Boucal-Guirassy1.jpeg 1080w\" sizes=\"auto, (max-width: 1024px) 100vw, 1024px\" \/><\/figure>\n\n\n","protected":false},"excerpt":{"rendered":"<p>Dans le but d\u2019harmoniser leur contribution \u00e0 la prise en charge des pr\u00e9occupations du secteur public de l\u2019Enseignement et \u00e0<\/p>\n","protected":false},"author":1,"featured_media":1321,"comment_status":"open","ping_status":"open","sticky":false,"template":"","format":"standard","meta":{"footnotes":""},"categories":[1],"tags":[],"class_list":["post-1318","post","type-post","status-publish","format-standard","has-post-thumbnail","hentry","category-non-classe"],"_links":{"self":[{"href":"https:\/\/www.saemss.com\/index.php?rest_route=\/wp\/v2\/posts\/1318","targetHints":{"allow":["GET"]}}],"collection":[{"href":"https:\/\/www.saemss.com\/index.php?rest_route=\/wp\/v2\/posts"}],"about":[{"href":"https:\/\/www.saemss.com\/index.php?rest_route=\/wp\/v2\/types\/post"}],"author":[{"embeddable":true,"href":"https:\/\/www.saemss.com\/index.php?rest_route=\/wp\/v2\/users\/1"}],"replies":[{"embeddable":true,"href":"https:\/\/www.saemss.com\/index.php?rest_route=%2Fwp%2Fv2%2Fcomments&post=1318"}],"version-history":[{"count":1,"href":"https:\/\/www.saemss.com\/index.php?rest_route=\/wp\/v2\/posts\/1318\/revisions"}],"predecessor-version":[{"id":1322,"href":"https:\/\/www.saemss.com\/index.php?rest_route=\/wp\/v2\/posts\/1318\/revisions\/1322"}],"wp:featuredmedia":[{"embeddable":true,"href":"https:\/\/www.saemss.com\/index.php?rest_route=\/wp\/v2\/media\/1321"}],"wp:attachment":[{"href":"https:\/\/www.saemss.com\/index.php?rest_route=%2Fwp%2Fv2%2Fmedia&parent=1318"}],"wp:term":[{"taxonomy":"category","embeddable":true,"href":"https:\/\/www.saemss.com\/index.php?rest_route=%2Fwp%2Fv2%2Fcategories&post=1318"},{"taxonomy":"post_tag","embeddable":true,"href":"https:\/\/www.saemss.com\/index.php?rest_route=%2Fwp%2Fv2%2Ftags&post=1318"}],"curies":[{"name":"wp","href":"https:\/\/api.w.org\/{rel}","templated":true}]}}