{"id":1113,"date":"2023-11-05T03:33:00","date_gmt":"2023-11-05T02:33:00","guid":{"rendered":"http:\/\/www.saemss.com\/?p=1113"},"modified":"2023-11-05T03:37:54","modified_gmt":"2023-11-05T02:37:54","slug":"conference-de-presse-du-saemss-et-du-cusems","status":"publish","type":"post","link":"https:\/\/www.saemss.com\/?p=1113","title":{"rendered":"CONFERENCE DE PRESSE DU SAEMSS ET DU CUSEMS"},"content":{"rendered":"\n<!--more-->\n\n\n\n<figure class=\"wp-block-embed is-type-video is-provider-youtube wp-block-embed-youtube wp-embed-aspect-16-9 wp-has-aspect-ratio\"><div class=\"wp-block-embed__wrapper\">\n<iframe loading=\"lazy\" title=\"SYNDICAT SAEMS: El Hadji Malick Youm secr\u00e9taire g\u00e9n\u00e9ral SAEMS alerte l\u2019Etat du S\u00e9n\u00e9gal\" width=\"800\" height=\"450\" src=\"https:\/\/www.youtube.com\/embed\/wVtqNflHI9A?start=61&#038;feature=oembed\" frameborder=\"0\" allow=\"accelerometer; autoplay; clipboard-write; encrypted-media; gyroscope; picture-in-picture; web-share\" allowfullscreen><\/iframe>\n<\/div><figcaption class=\"wp-element-caption\">AVEC EL HAGJI MALICK YOUM DU SAEMSS<\/figcaption><\/figure>\n\n\n\n<figure class=\"wp-block-embed is-type-video is-provider-youtube wp-block-embed-youtube wp-embed-aspect-16-9 wp-has-aspect-ratio\"><div class=\"wp-block-embed__wrapper\">\n<iframe loading=\"lazy\" title=\"SYNDICAT SAEMS\/CUSEMS: Ndongo SARR secr\u00e9taire g\u00e9n\u00e9ral du CUSEMS \u00ab\u00a0le syst\u00e8me manque d\u2019enseignants\u00a0\u00bb\" width=\"800\" height=\"450\" src=\"https:\/\/www.youtube.com\/embed\/n6yqcIZbsUc?start=525&#038;feature=oembed\" frameborder=\"0\" allow=\"accelerometer; autoplay; clipboard-write; encrypted-media; gyroscope; picture-in-picture; web-share\" allowfullscreen><\/iframe>\n<\/div><\/figure>\n\n\n\n<p>AVEC NDONGO SARR SGN DU CUSEMS<\/p>\n\n\n\n<figure class=\"wp-block-video\"><\/figure>\n","protected":false},"excerpt":{"rendered":"","protected":false},"author":1,"featured_media":1117,"comment_status":"open","ping_status":"open","sticky":false,"template":"","format":"standard","meta":{"footnotes":""},"categories":[1,10],"tags":[],"class_list":["post-1113","post","type-post","status-publish","format-standard","has-post-thumbnail","hentry","category-non-classe","category-crise-scolaire"],"_links":{"self":[{"href":"https:\/\/www.saemss.com\/index.php?rest_route=\/wp\/v2\/posts\/1113","targetHints":{"allow":["GET"]}}],"collection":[{"href":"https:\/\/www.saemss.com\/index.php?rest_route=\/wp\/v2\/posts"}],"about":[{"href":"https:\/\/www.saemss.com\/index.php?rest_route=\/wp\/v2\/types\/post"}],"author":[{"embeddable":true,"href":"https:\/\/www.saemss.com\/index.php?rest_route=\/wp\/v2\/users\/1"}],"replies":[{"embeddable":true,"href":"https:\/\/www.saemss.com\/index.php?rest_route=%2Fwp%2Fv2%2Fcomments&post=1113"}],"version-history":[{"count":1,"href":"https:\/\/www.saemss.com\/index.php?rest_route=\/wp\/v2\/posts\/1113\/revisions"}],"predecessor-version":[{"id":1116,"href":"https:\/\/www.saemss.com\/index.php?rest_route=\/wp\/v2\/posts\/1113\/revisions\/1116"}],"wp:featuredmedia":[{"embeddable":true,"href":"https:\/\/www.saemss.com\/index.php?rest_route=\/wp\/v2\/media\/1117"}],"wp:attachment":[{"href":"https:\/\/www.saemss.com\/index.php?rest_route=%2Fwp%2Fv2%2Fmedia&parent=1113"}],"wp:term":[{"taxonomy":"category","embeddable":true,"href":"https:\/\/www.saemss.com\/index.php?rest_route=%2Fwp%2Fv2%2Fcategories&post=1113"},{"taxonomy":"post_tag","embeddable":true,"href":"https:\/\/www.saemss.com\/index.php?rest_route=%2Fwp%2Fv2%2Ftags&post=1113"}],"curies":[{"name":"wp","href":"https:\/\/api.w.org\/{rel}","templated":true}]}}